{"id":45078,"date":"2026-01-29T08:47:30","date_gmt":"2026-01-29T08:47:30","guid":{"rendered":"https:\/\/www.cnshining.com\/?p=45078"},"modified":"2026-02-03T08:17:18","modified_gmt":"2026-02-03T08:17:18","slug":"guia-de-latas-de-aerossol-iso-903","status":"publish","type":"post","link":"https:\/\/www.cnshining.com\/pt\/guia-de-latas-de-aerossol-iso-90-3-html","title":{"rendered":"Normas ISO 90-3:2001 para latas de aerossol \u2013 An\u00e1lise t\u00e9cnica completa"},"content":{"rendered":"<h2 class=\"wp-block-heading\">Introdu\u00e7\u00e3o<\/h2>\n\n\n\n<p>ISO 90-3:2001, intitulado&nbsp;<em>\u201cRecipientes met\u00e1licos de calibre leve \u2014 Defini\u00e7\u00f5es e determina\u00e7\u00e3o de dimens\u00f5es e capacidades \u2014 Parte 3: Latas de aerossol\u201d<\/em>, \u00e9 um padr\u00e3o global essencial para fabricantes, engenheiros e equipes de compras envolvidos na ind\u00fastria de aeross\u00f3is.<strong> <\/strong>Embalagem. O foco est\u00e1 na terminologia, medidas dimensionais, defini\u00e7\u00f5es de capacidade e toler\u00e2ncias espec\u00edficas para recipientes met\u00e1licos de aerossol com espessura de parede n\u00e3o superior a 0,49 mm.<\/p>\n\n\n\n<h2 class=\"wp-block-heading\">1. \u00c2mbito de aplica\u00e7\u00e3o<\/h2>\n\n\n\n<p>Esta parte da ISO 90 define os principais aspectos f\u00edsicos das latas de aerossol \u2014 como di\u00e2metros, aberturas, alturas e formatos \u2014 utilizadas em embalagens industriais. Inclui instru\u00e7\u00f5es detalhadas para o c\u00e1lculo das capacidades total e bruta e recomenda um sistema de designa\u00e7\u00e3o internacional para garantir consist\u00eancia em toda a cadeia de suprimentos.<\/p>\n\n\n\n<h2 class=\"wp-block-heading\">2. Termos e Defini\u00e7\u00f5es<\/h2>\n\n\n\n<h3 class=\"wp-block-heading\">2.1 Lata de aerossol<\/h3>\n\n\n\n<p>Recipiente met\u00e1lico r\u00edgido e selado (\u22640,49 mm de espessura) projetado para dispensar conte\u00fado pressurizado por meio de um sistema de v\u00e1lvulas.<\/p>\n\n\n\n<h3 class=\"wp-block-heading\">2.2 Alturas<\/h3>\n\n\n\n<ul class=\"wp-block-list\">\n<li><strong>Altura do corpo<\/strong>&nbsp;\u2013 Dimens\u00e3o vertical excluindo a c\u00fapula superior.<\/li>\n\n\n\n<li><strong>Altura total<\/strong>&nbsp;\u2013 Altura total, incluindo a c\u00fapula e a flange.<\/li>\n<\/ul>\n\n\n\n<style>\n  body {\n    margin: auto;\n    font-family: Arial, Helvetica, sans-serif;\n    line-height: 1.7;\n    color: #222;\n  }\n  figure {\n    margin: 34px 0;\n    text-align: center;\n  }\n  figcaption {\n    font-size: 14px;\n    color: #555;\n    margin-top: 6px;\n  }\n  .note {\n    background: #e8f2ff;\n    padding: 14px;\n    border-left: 4px solid #0b5ed7;\n    margin: 24px 0;\n    border-radius:10px;\n    font-style: italic;\n  }\nbuttons {\n  background-color: #0b5ed7; \n  color: #ffffff; \n}\n<\/style>\n<div class=\"note\">\n<strong>Dica:<\/strong> Na produ\u00e7\u00e3o, a altura do corpo afeta principalmente o alinhamento do curso de enchimento, enquanto a altura total impacta a embalagem secund\u00e1ria e a paletiza\u00e7\u00e3o.\n<\/div>\n\n\n\n<figure class=\"wp-block-image aligncenter size-full\"><img fetchpriority=\"high\" decoding=\"async\" width=\"1500\" height=\"1059\" src=\"https:\/\/www.cnshining.com\/wp-content\/uploads\/2026\/01\/Three-Types-of-Aerosol-Cans-4.webp\" alt=\"Tr\u00eas tipos de latas de aerossol\" class=\"wp-image-45340\" title=\"\" srcset=\"https:\/\/www.cnshining.com\/wp-content\/uploads\/2026\/01\/Three-Types-of-Aerosol-Cans-4.webp 1500w, https:\/\/www.cnshining.com\/wp-content\/uploads\/2026\/01\/Three-Types-of-Aerosol-Cans-4-18x12.webp 18w\" sizes=\"(max-width: 1500px) 100vw, 1500px\" \/><figcaption class=\"wp-element-caption\">Figura 1: Tipos de constru\u00e7\u00e3o e variantes de ombro<\/figcaption><\/figure>\n\n\n\n<h3 class=\"wp-block-heading\">Abertura 2.3<\/h3>\n\n\n\n<p>Uma abertura circular projetada para inser\u00e7\u00e3o e veda\u00e7\u00e3o da v\u00e1lvula dentro de um copo de v\u00e1lvula.<\/p>\n\n\n\n<h3 class=\"wp-block-heading\">2.4 Tipos de Constru\u00e7\u00e3o<\/h3>\n\n\n\n<ul class=\"wp-block-list\">\n<li><strong>Latas de tr\u00eas pe\u00e7as<\/strong>Corpo, parte superior e inferior montados.<\/li>\n\n\n\n<li><strong>Latas de duas pe\u00e7as<\/strong>: Corpo extrudado com tampa ou corpo trefilado com base e ombro.<\/li>\n\n\n\n<li><strong>Latas monobloco<\/strong>Pe\u00e7a \u00fanica com diversos estilos de ombro (ex.: ogival, esf\u00e9rico, plano).<\/li>\n<\/ul>\n\n\n\n<h3 class=\"wp-block-heading\">2.5 Formas<\/h3>\n\n\n\n<ul class=\"wp-block-list\">\n<li><strong>lados retos<\/strong>Di\u00e2metro constante em todo o corpo.<\/li>\n\n\n\n<li><strong>Encostado no pesco\u00e7o<\/strong>Corpo reduzido em uma ou ambas as extremidades.<\/li>\n<\/ul>\n\n\n\n<figure class=\"wp-block-image aligncenter size-full\"><img decoding=\"async\" width=\"1000\" height=\"707\" src=\"https:\/\/www.cnshining.com\/wp-content\/uploads\/2026\/01\/Necked-in-Can-Shapes-1.webp\" alt=\"formatos de latas estreitas\" class=\"wp-image-45273\" title=\"\" srcset=\"https:\/\/www.cnshining.com\/wp-content\/uploads\/2026\/01\/Necked-in-Can-Shapes-1.webp 1000w, https:\/\/www.cnshining.com\/wp-content\/uploads\/2026\/01\/Necked-in-Can-Shapes-1-18x12.webp 18w\" sizes=\"(max-width: 1000px) 100vw, 1000px\" \/><figcaption class=\"wp-element-caption\">Figura 2: Varia\u00e7\u00f5es comuns de encaixe do pesco\u00e7o<\/figcaption><\/figure>\n\n\n\n<h3 class=\"wp-block-heading\">2.6 Capacidades<\/h3>\n\n\n\n<ul class=\"wp-block-list\">\n<li><strong>Capacidade bruta com tampa (C1)<\/strong>: capacidade total de uma lata, equipada com v\u00e1lvula, copo da v\u00e1lvula e tubo de imers\u00e3o.<\/li>\n\n\n\n<li><strong>Capacidade m\u00e1xima (C2)<\/strong>Enchimento m\u00e1ximo sem fechamento.<\/li>\n<\/ul>\n\n\n\n<h2 class=\"wp-block-heading\">3. Determina\u00e7\u00e3o das Dimens\u00f5es<\/h2>\n\n\n\n<h3 class=\"wp-block-heading\">3,1 de di\u00e2metro<\/h3>\n\n\n\n<ul class=\"wp-block-list\">\n<li>Interno medido por medidor de plugue.<\/li>\n\n\n\n<li>Medi\u00e7\u00e3o externa por paqu\u00edmetro.<\/li>\n<\/ul>\n\n\n\n<h3 class=\"wp-block-heading\">3,2 Altura<\/h3>\n\n\n\n<p>Medido com um paqu\u00edmetro ou medidor de altura digital. Arredonde para o mil\u00edmetro inteiro mais pr\u00f3ximo.<\/p>\n\n\n\n<h3 class=\"wp-block-heading\">3.3 Valores Nominais<\/h3>\n\n\n\n<p>Os valores devem ser arredondados de acordo com a regra: se&nbsp;<em>.0,5 ou superior<\/em>, arredonde para cima; caso contr\u00e1rio, arredonde para baixo.<\/p>\n\n\n\n<figure class=\"wp-block-image aligncenter size-full\"><img decoding=\"async\" width=\"1000\" height=\"558\" src=\"https:\/\/www.cnshining.com\/wp-content\/uploads\/2026\/01\/External-and-Internal-Diameter.webp\" alt=\"Defini\u00e7\u00e3o de di\u00e2metro\" class=\"wp-image-45170\" title=\"\" srcset=\"https:\/\/www.cnshining.com\/wp-content\/uploads\/2026\/01\/External-and-Internal-Diameter.webp 1000w, https:\/\/www.cnshining.com\/wp-content\/uploads\/2026\/01\/External-and-Internal-Diameter-18x10.webp 18w\" sizes=\"(max-width: 1000px) 100vw, 1000px\" \/><figcaption class=\"wp-element-caption\">Figura 3: Dimens\u00f5es nominais e rela\u00e7\u00f5es entre di\u00e2metros interno e externo<\/figcaption><\/figure>\n\n\n\n<h2 class=\"wp-block-heading\">4. Determina\u00e7\u00e3o das capacidades<\/h2>\n\n\n\n<h3 class=\"wp-block-heading\">4.1 Procedimento Geral<\/h3>\n\n\n\n<p>A capacidade \u00e9 determinada pela pesagem das latas cheias. Fatores de corre\u00e7\u00e3o s\u00e3o aplicados com base na temperatura da \u00e1gua.<\/p>\n\n\n\n<h3 class=\"wp-block-heading\">4.1.1 Tabela de Corre\u00e7\u00e3o de Temperatura<\/h3>\n\n\n\n<div class=\"table-responsive\">\n  <table class=\"data-table\">\n    <thead>\n      <tr>\n        <th>Temperatura da \u00e1gua<br>\u00b0C<\/th>\n        <th>Fator de corre\u00e7\u00e3o<br>F<\/th>\n      <\/tr>\n    <\/thead>\n    <tbody>\n      <tr><td>12<\/td><td>1.0005<\/td><\/tr>\n      <tr><td>14<\/td><td>1.0008<\/td><\/tr>\n      <tr><td>16<\/td><td>1.0011<\/td><\/tr>\n      <tr><td>18<\/td><td>1.0014<\/td><\/tr>\n      <tr><td>20<\/td><td>1.0018<\/td><\/tr>\n      <tr><td>22<\/td><td>1.0022<\/td><\/tr>\n      <tr><td>24<\/td><td>1.0027<\/td><\/tr>\n      <tr><td>26<\/td><td>1.0033<\/td><\/tr>\n      <tr><td>28<\/td><td>1.0038<\/td><\/tr>\n      <tr><td>30<\/td><td>1.0044<\/td><\/tr>\n    <\/tbody>\n  <\/table>\n<\/div>\n\n\n\n<h3 class=\"wp-block-heading\">4.2 Teste de Capacidade M\u00e1xima<\/h3>\n\n\n\n<ol class=\"wp-block-list\">\n<li>Pesar lata vazia com disco (m\u2080)<\/li>\n\n\n\n<li>Encha com \u00e1gua, evitando bolhas.<\/li>\n\n\n\n<li>Pesar lata cheia (m\u2081)<\/li>\n\n\n\n<li>Calcular: (m\u2081 \u2013 m\u2080) \u00d7 fator de corre\u00e7\u00e3o = C2 (ml)<\/li>\n<\/ol>\n\n\n\n<h2 class=\"wp-block-heading\">5. Toler\u00e2ncias nas capacidades<\/h2>\n\n\n\n<h3 class=\"wp-block-heading has-text-align-center\">Tabela: Toler\u00e2ncia por Volume<\/h3>\n\n\n\n<div class=\"table-responsive\">\n  <table class=\"data-table\">\n  <thead>\n    <tr><th>Capacidade (ml)<\/th><th>Toler\u00e2ncia permitida<\/th><\/tr>\n  <\/thead>\n  <tbody>\n    <tr><td>\u2264 100<\/td><td>\u00b14 ml<\/td><\/tr>\n    <tr><td>101\u2013200<\/td><td>\u00b16 ml<\/td><\/tr>\n    <tr><td>201\u2013300<\/td><td>\u00b18 ml<\/td><\/tr>\n    <tr><td>301\u2013400<\/td><td>\u00b110 ml<\/td><\/tr>\n    <tr><td>> 400<\/td><td>\u00b12,5%<\/td><\/tr>\n  <\/tbody>\n<\/table>\n<\/div>\n\n\n\n<div class=\"note\">\n<strong>Dica:<\/strong> A corre\u00e7\u00e3o da capacidade torna-se cada vez mais importante para latas de aerossol de alto volume, acima de 400 ml, onde as varia\u00e7\u00f5es de temperatura criam diferen\u00e7as mensur\u00e1veis no enchimento.\n<\/div>\n\n\n\n<h2 class=\"wp-block-heading\">6. Sistema de Designa\u00e7\u00e3o<\/h2>\n\n\n\n<p>Cada lata de aerossol deve ser identificada internacionalmente usando tr\u00eas m\u00e9tricas:<\/p>\n\n\n\n<ul class=\"wp-block-list\">\n<li>Capacidade m\u00e1xima (C2)<\/li>\n\n\n\n<li>Di\u00e2metro nominal (D)<\/li>\n\n\n\n<li>Altura total (H)<\/li>\n<\/ul>\n\n\n\n<p><strong>Exemplo:<\/strong>&nbsp;Uma lata cil\u00edndrica com capacidade de 250 ml at\u00e9 a borda, 52 mm de di\u00e2metro e 134 mm de altura:&nbsp;<code>C2 250 - D52 - H134<\/code><\/p>\n\n\n\n<h2 class=\"wp-block-heading\">7. Anexo A \u2013 Dimens\u00f5es da tampa da lata com gargalo estreito<\/h2>\n\n\n\n<figure class=\"wp-block-image aligncenter size-full\"><img loading=\"lazy\" decoding=\"async\" width=\"1500\" height=\"844\" src=\"https:\/\/www.cnshining.com\/wp-content\/uploads\/2026\/01\/Top-Section-of-Necked-in-Tinplate-Can.webp\" alt=\"diagrama de topo de lata estreita\" class=\"wp-image-45342\" title=\"\" srcset=\"https:\/\/www.cnshining.com\/wp-content\/uploads\/2026\/01\/Top-Section-of-Necked-in-Tinplate-Can.webp 1500w, https:\/\/www.cnshining.com\/wp-content\/uploads\/2026\/01\/Top-Section-of-Necked-in-Tinplate-Can-18x10.webp 18w\" sizes=\"(max-width: 1500px) 100vw, 1500px\" \/><figcaption class=\"wp-element-caption\">Figura 4: Dimens\u00f5es para tampas de latas de tr\u00eas pe\u00e7as com gargalo.<\/figcaption><\/figure>\n\n\n\n<h3 class=\"wp-block-heading\">Aplica\u00e7\u00f5es no mundo real<\/h3>\n\n\n\n<ul class=\"wp-block-list\">\n<li>Para fabrica\u00e7\u00e3o<\/li>\n<\/ul>\n\n\n\n<p>Garante toler\u00e2ncias de engenharia precisas e compatibilidade de componentes.<\/p>\n\n\n\n<ul class=\"wp-block-list\">\n<li>Para Enchimento e Automa\u00e7\u00e3o<\/li>\n<\/ul>\n\n\n\n<p>As toler\u00e2ncias de capacidade e di\u00e2metro reduzem os riscos de enchimento insuficiente\/transbordamento durante opera\u00e7\u00f5es de enchimento em alta velocidade.<\/p>\n\n\n\n<ul class=\"wp-block-list\">\n<li>Para fins de aquisi\u00e7\u00e3o<\/li>\n<\/ul>\n\n\n\n<p>Designa\u00e7\u00f5es padronizadas simplificam o fornecimento internacional e as especifica\u00e7\u00f5es de controle de qualidade.<\/p>\n\n\n\n<div class=\"wp-block-group is-nowrap is-layout-flex wp-container-core-group-is-layout-6c531013 wp-block-group-is-layout-flex\">\n<div class=\"wp-block-group download-standard-box is-layout-constrained wp-block-group-is-layout-constrained\">\n<div class=\"wp-block-group is-vertical is-layout-flex wp-container-core-group-is-layout-fe9cc265 wp-block-group-is-layout-flex\">\n<h6 class=\"wp-block-heading\"><strong>Baixe o PDF padr\u00e3o<\/strong><\/h6>\n\n\n\n<p>Este documento cont\u00e9m o texto oficial de <strong>ISO 90-3<\/strong>, que define termos, requisitos dimensionais e m\u00e9todos para determinar as dimens\u00f5es e capacidades de latas de aerossol de metal de calibre leve. Tem como objetivo apoiar o projeto padronizado de recipientes, a verifica\u00e7\u00e3o dimensional e a avalia\u00e7\u00e3o da capacidade para fins de fabrica\u00e7\u00e3o, garantia da qualidade e refer\u00eancia t\u00e9cnica.<\/p>\n\n\n\n<div class=\"wp-block-group is-nowrap is-layout-flex wp-container-core-group-is-layout-6c531013 wp-block-group-is-layout-flex\">\n<div class=\"wp-block-group is-vertical is-layout-flex wp-container-core-group-is-layout-fe9cc265 wp-block-group-is-layout-flex\">\n<div class=\"wp-block-buttons is-layout-flex wp-container-core-buttons-is-layout-168ce233 wp-block-buttons-is-layout-flex\">\n<div class=\"wp-block-button is-style-fill\"><a class=\"wp-block-button__link wp-element-button\" href=\"http:\/\/www.cnshining.com\/pt\/download\/ISO-90-3.pdf\/\" target=\"_blank\" rel=\"noreferrer noopener\">Baixe a ISO 90-3 (PDF)<\/a><\/div>\n<\/div>\n<\/div>\n\n\n\n<div class=\"wp-block-group is-nowrap is-layout-flex wp-container-core-group-is-layout-6c531013 wp-block-group-is-layout-flex\">\n<div class=\"wp-block-buttons is-layout-flex wp-block-buttons-is-layout-flex\">\n<div class=\"wp-block-button is-style-outline is-style-outline--1\"><a class=\"wp-block-button__link wp-element-button\" href=\"https:\/\/www.cnshining.com\/pt\/fabricante-de-latas-de-aerossol-de-aluminio\/\" target=\"_blank\" rel=\"noreferrer noopener\">Veja as embalagens de aerossol.<\/a><\/div>\n<\/div>\n<\/div>\n<\/div>\n<\/div>\n<\/div>\n<\/div>\n\n\n\n<h2 class=\"wp-block-heading\">Perguntas frequentes (FAQ)<\/h2>\n\n\n\n<div data-wp-context=\"{ &quot;autoclose&quot;: false, &quot;accordionItems&quot;: [] }\" data-wp-interactive=\"core\/accordion\" role=\"group\" class=\"wp-block-accordion is-layout-flow wp-block-accordion-is-layout-flow\">\n<div data-wp-class--is-open=\"state.isOpen\" data-wp-context=\"{ &quot;id&quot;: &quot;accordion-item-2&quot;, &quot;openByDefault&quot;: false }\" data-wp-init=\"callbacks.initAccordionItems\" data-wp-on-window--hashchange=\"callbacks.hashChange\" class=\"wp-block-accordion-item is-layout-flow wp-block-accordion-item-is-layout-flow\">\n<h3 class=\"wp-block-accordion-heading\"><button aria-expanded=\"false\" aria-controls=\"accordion-item-2-panel\" data-wp-bind--aria-expanded=\"state.isOpen\" data-wp-on--click=\"actions.toggle\" data-wp-on--keydown=\"actions.handleKeyDown\" id=\"accordion-item-2\" class=\"wp-block-accordion-heading__toggle\"><span class=\"wp-block-accordion-heading__toggle-title\"><strong>1. A norma ISO 90-3 \u00e9 obrigat\u00f3ria?<\/strong><\/span><span class=\"wp-block-accordion-heading__toggle-icon\" aria-hidden=\"true\">+<\/span><\/button><\/h3>\n\n\n\n<div inert aria-labelledby=\"accordion-item-2\" data-wp-bind--inert=\"!state.isOpen\" id=\"accordion-item-2-panel\" role=\"region\" class=\"wp-block-accordion-panel is-layout-flow wp-block-accordion-panel-is-layout-flow\">\n<p>A norma ISO 90-3 n\u00e3o \u00e9 legalmente obrigat\u00f3ria, mas \u00e9 a refer\u00eancia global para definir as dimens\u00f5es e capacidades das latas de aerossol. A maioria das normas EN e FEA baseia-se na terminologia e na l\u00f3gica de medi\u00e7\u00e3o da ISO 90-3, tornando-a praticamente indispens\u00e1vel na pr\u00e1tica.<\/p>\n<\/div>\n<\/div>\n\n\n\n<div data-wp-class--is-open=\"state.isOpen\" data-wp-context=\"{ &quot;id&quot;: &quot;accordion-item-3&quot;, &quot;openByDefault&quot;: false }\" data-wp-init=\"callbacks.initAccordionItems\" data-wp-on-window--hashchange=\"callbacks.hashChange\" class=\"wp-block-accordion-item is-layout-flow wp-block-accordion-item-is-layout-flow\">\n<h3 class=\"wp-block-accordion-heading\"><button aria-expanded=\"false\" aria-controls=\"accordion-item-3-panel\" data-wp-bind--aria-expanded=\"state.isOpen\" data-wp-on--click=\"actions.toggle\" data-wp-on--keydown=\"actions.handleKeyDown\" id=\"accordion-item-3\" class=\"wp-block-accordion-heading__toggle\"><span class=\"wp-block-accordion-heading__toggle-title\"><strong>2. Qual \u00e9 o principal benef\u00edcio da ISO 90-3 para as equipes de compras?<\/strong><\/span><span class=\"wp-block-accordion-heading__toggle-icon\" aria-hidden=\"true\">+<\/span><\/button><\/h3>\n\n\n\n<div inert aria-labelledby=\"accordion-item-3\" data-wp-bind--inert=\"!state.isOpen\" id=\"accordion-item-3-panel\" role=\"region\" class=\"wp-block-accordion-panel is-layout-flow wp-block-accordion-panel-is-layout-flow\">\n<p>A norma ISO 90-3 fornece uma linguagem comum para capacidade, di\u00e2metro e altura entre fornecedores internacionais. Isso reduz significativamente a ambiguidade das especifica\u00e7\u00f5es e os riscos de fornecimento em compras multirregionais.<\/p>\n<\/div>\n<\/div>\n\n\n\n<div data-wp-class--is-open=\"state.isOpen\" data-wp-context=\"{ &quot;id&quot;: &quot;accordion-item-4&quot;, &quot;openByDefault&quot;: false }\" data-wp-init=\"callbacks.initAccordionItems\" data-wp-on-window--hashchange=\"callbacks.hashChange\" class=\"wp-block-accordion-item is-layout-flow wp-block-accordion-item-is-layout-flow\">\n<h3 class=\"wp-block-accordion-heading\"><button aria-expanded=\"false\" aria-controls=\"accordion-item-4-panel\" data-wp-bind--aria-expanded=\"state.isOpen\" data-wp-on--click=\"actions.toggle\" data-wp-on--keydown=\"actions.handleKeyDown\" id=\"accordion-item-4\" class=\"wp-block-accordion-heading__toggle\"><span class=\"wp-block-accordion-heading__toggle-title\"><strong>3. A norma ISO 90-3 aplica-se a latas de aerossol de alum\u00ednio?<\/strong><\/span><span class=\"wp-block-accordion-heading__toggle-icon\" aria-hidden=\"true\">+<\/span><\/button><\/h3>\n\n\n\n<div inert aria-labelledby=\"accordion-item-4\" data-wp-bind--inert=\"!state.isOpen\" id=\"accordion-item-4-panel\" role=\"region\" class=\"wp-block-accordion-panel is-layout-flow wp-block-accordion-panel-is-layout-flow\">\n<p>Sim. A norma ISO 90-3 aplica-se a todas as latas de aerossol de metal de calibre leve, incluindo as embalagens monobloco de alum\u00ednio. O comportamento espec\u00edfico de cada material \u00e9 abordado posteriormente pelas normas EN ou FEA, que se baseiam nesta norma.<\/p>\n<\/div>\n<\/div>\n\n\n\n<div data-wp-class--is-open=\"state.isOpen\" data-wp-context=\"{ &quot;id&quot;: &quot;accordion-item-5&quot;, &quot;openByDefault&quot;: false }\" data-wp-init=\"callbacks.initAccordionItems\" data-wp-on-window--hashchange=\"callbacks.hashChange\" class=\"wp-block-accordion-item is-layout-flow wp-block-accordion-item-is-layout-flow\">\n<h3 class=\"wp-block-accordion-heading\"><button aria-expanded=\"false\" aria-controls=\"accordion-item-5-panel\" data-wp-bind--aria-expanded=\"state.isOpen\" data-wp-on--click=\"actions.toggle\" data-wp-on--keydown=\"actions.handleKeyDown\" id=\"accordion-item-5\" class=\"wp-block-accordion-heading__toggle\"><span class=\"wp-block-accordion-heading__toggle-title\"><strong>4. Qual a rela\u00e7\u00e3o entre a norma ISO 90-3 e as normas da s\u00e9rie FEA 200?<\/strong><\/span><span class=\"wp-block-accordion-heading__toggle-icon\" aria-hidden=\"true\">+<\/span><\/button><\/h3>\n\n\n\n<div inert aria-labelledby=\"accordion-item-5\" data-wp-bind--inert=\"!state.isOpen\" id=\"accordion-item-5-panel\" role=\"region\" class=\"wp-block-accordion-panel is-layout-flow wp-block-accordion-panel-is-layout-flow\">\n<p>A norma ISO 90-3 define como as dimens\u00f5es e capacidades s\u00e3o medidas e designadas. As normas de An\u00e1lise de Elementos Finitos (FEA) refinam essas defini\u00e7\u00f5es para sistemas espec\u00edficos, como aberturas de 20 mm ou 25,4 mm e interfaces de ferramentas.<\/p>\n<\/div>\n<\/div>\n\n\n\n<div data-wp-class--is-open=\"state.isOpen\" data-wp-context=\"{ &quot;id&quot;: &quot;accordion-item-6&quot;, &quot;openByDefault&quot;: false }\" data-wp-init=\"callbacks.initAccordionItems\" data-wp-on-window--hashchange=\"callbacks.hashChange\" class=\"wp-block-accordion-item is-layout-flow wp-block-accordion-item-is-layout-flow\">\n<h3 class=\"wp-block-accordion-heading\"><button aria-expanded=\"false\" aria-controls=\"accordion-item-6-panel\" data-wp-bind--aria-expanded=\"state.isOpen\" data-wp-on--click=\"actions.toggle\" data-wp-on--keydown=\"actions.handleKeyDown\" id=\"accordion-item-6\" class=\"wp-block-accordion-heading__toggle\"><span class=\"wp-block-accordion-heading__toggle-title\"><strong>5. Os formatos dos ombros est\u00e3o totalmente padronizados na norma ISO 90-3?<\/strong><\/span><span class=\"wp-block-accordion-heading__toggle-icon\" aria-hidden=\"true\">+<\/span><\/button><\/h3>\n\n\n\n<div inert aria-labelledby=\"accordion-item-6\" data-wp-bind--inert=\"!state.isOpen\" id=\"accordion-item-6-panel\" role=\"region\" class=\"wp-block-accordion-panel is-layout-flow wp-block-accordion-panel-is-layout-flow\">\n<p>A norma ISO 90-3 reconhece tipos comuns de ombro, como ogival e esf\u00e9rico. No entanto, a veda\u00e7\u00e3o funcional e o comportamento de fixa\u00e7\u00e3o s\u00e3o controlados posteriormente pelas normas EN ou FEA.<\/p>\n<\/div>\n<\/div>\n\n\n\n<div data-wp-class--is-open=\"state.isOpen\" data-wp-context=\"{ &quot;id&quot;: &quot;accordion-item-7&quot;, &quot;openByDefault&quot;: false }\" data-wp-init=\"callbacks.initAccordionItems\" data-wp-on-window--hashchange=\"callbacks.hashChange\" class=\"wp-block-accordion-item is-layout-flow wp-block-accordion-item-is-layout-flow\">\n<h3 class=\"wp-block-accordion-heading\"><button aria-expanded=\"false\" aria-controls=\"accordion-item-7-panel\" data-wp-bind--aria-expanded=\"state.isOpen\" data-wp-on--click=\"actions.toggle\" data-wp-on--keydown=\"actions.handleKeyDown\" id=\"accordion-item-7\" class=\"wp-block-accordion-heading__toggle\"><span class=\"wp-block-accordion-heading__toggle-title\"><strong>6. As corre\u00e7\u00f5es de temperatura s\u00e3o realmente necess\u00e1rias para os testes de capacidade?<\/strong><\/span><span class=\"wp-block-accordion-heading__toggle-icon\" aria-hidden=\"true\">+<\/span><\/button><\/h3>\n\n\n\n<div inert aria-labelledby=\"accordion-item-7\" data-wp-bind--inert=\"!state.isOpen\" id=\"accordion-item-7-panel\" role=\"region\" class=\"wp-block-accordion-panel is-layout-flow wp-block-accordion-panel-is-layout-flow\">\n<p>Sim. A densidade da \u00e1gua varia com a temperatura, afetando diretamente o volume medido. Ignorar os fatores de corre\u00e7\u00e3o pode levar a erros sistem\u00e1ticos de enchimento, especialmente em recipientes maiores.<\/p>\n<\/div>\n<\/div>\n\n\n\n<div data-wp-class--is-open=\"state.isOpen\" data-wp-context=\"{ &quot;id&quot;: &quot;accordion-item-8&quot;, &quot;openByDefault&quot;: false }\" data-wp-init=\"callbacks.initAccordionItems\" data-wp-on-window--hashchange=\"callbacks.hashChange\" class=\"wp-block-accordion-item is-layout-flow wp-block-accordion-item-is-layout-flow\">\n<h3 class=\"wp-block-accordion-heading\"><button aria-expanded=\"false\" aria-controls=\"accordion-item-8-panel\" data-wp-bind--aria-expanded=\"state.isOpen\" data-wp-on--click=\"actions.toggle\" data-wp-on--keydown=\"actions.handleKeyDown\" id=\"accordion-item-8\" class=\"wp-block-accordion-heading__toggle\"><span class=\"wp-block-accordion-heading__toggle-title\"><strong>7. A norma ISO 90-3 pode ser adaptada para latas personalizadas ou n\u00e3o padronizadas?<\/strong><\/span><span class=\"wp-block-accordion-heading__toggle-icon\" aria-hidden=\"true\">+<\/span><\/button><\/h3>\n\n\n\n<div inert aria-labelledby=\"accordion-item-8\" data-wp-bind--inert=\"!state.isOpen\" id=\"accordion-item-8-panel\" role=\"region\" class=\"wp-block-accordion-panel is-layout-flow wp-block-accordion-panel-is-layout-flow\">\n<p>Projetos personalizados s\u00e3o poss\u00edveis, mas as defini\u00e7\u00f5es da ISO 90-3 devem continuar sendo usadas como estrutura de refer\u00eancia. Isso garante a compatibilidade com equipamentos de envase, m\u00e9todos de teste e normas subsequentes.<\/p>\n<\/div>\n<\/div>\n\n\n\n<div data-wp-class--is-open=\"state.isOpen\" data-wp-context=\"{ &quot;id&quot;: &quot;accordion-item-9&quot;, &quot;openByDefault&quot;: false }\" data-wp-init=\"callbacks.initAccordionItems\" data-wp-on-window--hashchange=\"callbacks.hashChange\" class=\"wp-block-accordion-item is-layout-flow wp-block-accordion-item-is-layout-flow\">\n<h3 class=\"wp-block-accordion-heading\"><button aria-expanded=\"false\" aria-controls=\"accordion-item-9-panel\" data-wp-bind--aria-expanded=\"state.isOpen\" data-wp-on--click=\"actions.toggle\" data-wp-on--keydown=\"actions.handleKeyDown\" id=\"accordion-item-9\" class=\"wp-block-accordion-heading__toggle\"><span class=\"wp-block-accordion-heading__toggle-title\"><strong>8. Quais instrumentos de teste s\u00e3o necess\u00e1rios para atender \u00e0 norma ISO 90-3?<\/strong><\/span><span class=\"wp-block-accordion-heading__toggle-icon\" aria-hidden=\"true\">+<\/span><\/button><\/h3>\n\n\n\n<div inert aria-labelledby=\"accordion-item-9\" data-wp-bind--inert=\"!state.isOpen\" id=\"accordion-item-9-panel\" role=\"region\" class=\"wp-block-accordion-panel is-layout-flow wp-block-accordion-panel-is-layout-flow\">\n<p>As ferramentas padr\u00e3o incluem paqu\u00edmetros vernier ou digitais, calibradores de plugue e balan\u00e7as calibradas. O foco est\u00e1 na medi\u00e7\u00e3o repet\u00edvel, em vez de testes especializados ou destrutivos.<\/p>\n<\/div>\n<\/div>\n\n\n\n<div data-wp-class--is-open=\"state.isOpen\" data-wp-context=\"{ &quot;id&quot;: &quot;accordion-item-10&quot;, &quot;openByDefault&quot;: false }\" data-wp-init=\"callbacks.initAccordionItems\" data-wp-on-window--hashchange=\"callbacks.hashChange\" class=\"wp-block-accordion-item is-layout-flow wp-block-accordion-item-is-layout-flow\">\n<h3 class=\"wp-block-accordion-heading\"><button aria-expanded=\"false\" aria-controls=\"accordion-item-10-panel\" data-wp-bind--aria-expanded=\"state.isOpen\" data-wp-on--click=\"actions.toggle\" data-wp-on--keydown=\"actions.handleKeyDown\" id=\"accordion-item-10\" class=\"wp-block-accordion-heading__toggle\"><span class=\"wp-block-accordion-heading__toggle-title\"><strong>9. Por que as toler\u00e2ncias s\u00e3o mais rigorosas para latas de aerossol de pequeno volume?<\/strong><\/span><span class=\"wp-block-accordion-heading__toggle-icon\" aria-hidden=\"true\">+<\/span><\/button><\/h3>\n\n\n\n<div inert aria-labelledby=\"accordion-item-10\" data-wp-bind--inert=\"!state.isOpen\" id=\"accordion-item-10-panel\" role=\"region\" class=\"wp-block-accordion-panel is-layout-flow wp-block-accordion-panel-is-layout-flow\">\n<p>Em baixos volumes, pequenos desvios absolutos representam grandes erros percentuais. Isso tem um impacto maior na precis\u00e3o do envase, no desempenho do produto e na conformidade com as normas regulamentares.<\/p>\n<\/div>\n<\/div>\n\n\n\n<div data-wp-class--is-open=\"state.isOpen\" data-wp-context=\"{ &quot;id&quot;: &quot;accordion-item-11&quot;, &quot;openByDefault&quot;: false }\" data-wp-init=\"callbacks.initAccordionItems\" data-wp-on-window--hashchange=\"callbacks.hashChange\" class=\"wp-block-accordion-item is-layout-flow wp-block-accordion-item-is-layout-flow\">\n<h3 class=\"wp-block-accordion-heading\"><button aria-expanded=\"false\" aria-controls=\"accordion-item-11-panel\" data-wp-bind--aria-expanded=\"state.isOpen\" data-wp-on--click=\"actions.toggle\" data-wp-on--keydown=\"actions.handleKeyDown\" id=\"accordion-item-11\" class=\"wp-block-accordion-heading__toggle\"><span class=\"wp-block-accordion-heading__toggle-title\"><strong>10. A norma ISO 90-3 est\u00e1 alinhada com as normas europeias EN?<\/strong><\/span><span class=\"wp-block-accordion-heading__toggle-icon\" aria-hidden=\"true\">+<\/span><\/button><\/h3>\n\n\n\n<div inert aria-labelledby=\"accordion-item-11\" data-wp-bind--inert=\"!state.isOpen\" id=\"accordion-item-11-panel\" role=\"region\" class=\"wp-block-accordion-panel is-layout-flow wp-block-accordion-panel-is-layout-flow\">\n<p>Sim. A ISO 90-3 constitui a base t\u00e9cnica para as normas EN relativas a recipientes de aerossol. A utiliza\u00e7\u00e3o da ISO 90-3 garante a consist\u00eancia entre as refer\u00eancias globais da ISO e os requisitos regionais da EN.<\/p>\n<\/div>\n<\/div>\n<\/div>\n\n\n\t\t<div data-elementor-type=\"container\" data-elementor-id=\"45061\" class=\"elementor elementor-45061\" data-elementor-post-type=\"elementor_library\">\n\t\t\t\t<div class=\"elementor-element elementor-element-c370fa5 e-flex e-con-boxed e-con e-parent\" data-id=\"c370fa5\" data-element_type=\"container\">\n\t\t\t\t\t<div class=\"e-con-inner\">\n\t\t<div class=\"elementor-element elementor-element-0c8b7c0 e-con-full e-flex e-con e-child\" data-id=\"0c8b7c0\" data-element_type=\"container\">\n\t\t\t\t<div class=\"elementor-element elementor-element-f5ac074 elementor-widget-divider--view-line elementor-widget elementor-widget-divider\" data-id=\"f5ac074\" data-element_type=\"widget\" data-widget_type=\"divider.default\">\n\t\t\t\t\t\t\t<div class=\"elementor-divider\">\n\t\t\t<span class=\"elementor-divider-separator\">\n\t\t\t\t\t\t<\/span>\n\t\t<\/div>\n\t\t\t\t\t\t<\/div>\n\t\t\t\t<\/div>\n\t\t<div class=\"elementor-element elementor-element-0836143 e-con-full e-flex e-con e-child\" data-id=\"0836143\" data-element_type=\"container\" data-settings=\"{&quot;background_background&quot;:&quot;classic&quot;}\">\n\t\t<div class=\"elementor-element elementor-element-dba680a e-con-full e-flex e-con e-child\" data-id=\"dba680a\" data-element_type=\"container\">\n\t\t\t\t<div class=\"elementor-element elementor-element-87d0a39 elementor-widget elementor-widget-image\" data-id=\"87d0a39\" data-element_type=\"widget\" data-widget_type=\"image.default\">\n\t\t\t\t\t\t\t\t\t\t\t\t\t\t\t<img decoding=\"async\" src=\"https:\/\/www.cnshining.com\/wp-content\/uploads\/elementor\/thumbs\/CEO-Pony-rl92dlnb7ws10luyx873mcxf7ywgvs77xv5lzan74g.webp\" title=\"CEO Pony\" alt=\"CEO Pony\" loading=\"lazy\" \/>\t\t\t\t\t\t\t\t\t\t\t\t\t\t\t<\/div>\n\t\t\t\t<\/div>\n\t\t<div class=\"elementor-element elementor-element-5930664 e-con-full e-flex e-con e-child\" data-id=\"5930664\" data-element_type=\"container\">\n\t\t<div class=\"elementor-element elementor-element-f907e4b e-con-full e-flex e-con e-child\" data-id=\"f907e4b\" data-element_type=\"container\">\n\t\t\t\t<div class=\"elementor-element elementor-element-4639852 elementor-widget elementor-widget-heading\" data-id=\"4639852\" data-element_type=\"widget\" data-widget_type=\"heading.default\">\n\t\t\t\t\t<h6 class=\"elementor-heading-title elementor-size-default\">Pony Ma | CEO<\/h6>\t\t\t\t<\/div>\n\t\t\t\t<\/div>\n\t\t\t\t<div class=\"elementor-element elementor-element-96f59b6 elementor-widget elementor-widget-text-editor\" data-id=\"96f59b6\" data-element_type=\"widget\" data-widget_type=\"text-editor.default\">\n\t\t\t\t\t\t\t\t\t<p data-path-to-node=\"7\">Com <b data-path-to-node=\"7\" data-index-in-node=\"5\">25 anos<\/b> Com experi\u00eancia em embalagens met\u00e1licas, dedicamo-nos a fornecer... <b data-path-to-node=\"7\" data-index-in-node=\"106\">solu\u00e7\u00f5es de embalagens sustent\u00e1veis<\/b> por meio de tecnologias inovadoras de alum\u00ednio. E compartilho regularmente insights sobre inova\u00e7\u00e3o em materiais e estrat\u00e9gias de fornecimento global para ajudar as marcas a se manterem competitivas.<\/p><p data-path-to-node=\"8\">Seja bem-vindo(a) ao nosso canal de conex\u00e3o! <a href=\"http:\/\/www.linkedin.com\/in\/bottle\" target=\"_blank\" rel=\"noopener nofollow\"><b data-path-to-node=\"8\" data-index-in-node=\"30\">LinkedIn<\/b><\/a> Para discutir as \u00faltimas tend\u00eancias do setor.<\/p>\t\t\t\t\t\t\t\t<\/div>\n\t\t\t\t<\/div>\n\t\t\t\t<\/div>\n\t\t\t\t\t<\/div>\n\t\t\t\t<\/div>\n\t\t\t\t<\/div>","protected":false},"excerpt":{"rendered":"<p>Um guia completo de engenharia e fornecimento para a norma ISO 90-3:2001, abrangendo dimens\u00f5es, capacidades, toler\u00e2ncias e designa\u00e7\u00f5es de embalagens met\u00e1licas para latas de aerossol.<\/p>","protected":false},"author":1,"featured_media":45187,"comment_status":"closed","ping_status":"closed","sticky":false,"template":"","format":"standard","meta":{"footnotes":""},"categories":[78],"tags":[],"class_list":["post-45078","post","type-post","status-publish","format-standard","has-post-thumbnail","hentry","category-aerosol-packaging"],"_links":{"self":[{"href":"https:\/\/www.cnshining.com\/pt\/wp-json\/wp\/v2\/posts\/45078","targetHints":{"allow":["GET"]}}],"collection":[{"href":"https:\/\/www.cnshining.com\/pt\/wp-json\/wp\/v2\/posts"}],"about":[{"href":"https:\/\/www.cnshining.com\/pt\/wp-json\/wp\/v2\/types\/post"}],"author":[{"embeddable":true,"href":"https:\/\/www.cnshining.com\/pt\/wp-json\/wp\/v2\/users\/1"}],"replies":[{"embeddable":true,"href":"https:\/\/www.cnshining.com\/pt\/wp-json\/wp\/v2\/comments?post=45078"}],"version-history":[{"count":0,"href":"https:\/\/www.cnshining.com\/pt\/wp-json\/wp\/v2\/posts\/45078\/revisions"}],"wp:featuredmedia":[{"embeddable":true,"href":"https:\/\/www.cnshining.com\/pt\/wp-json\/wp\/v2\/media\/45187"}],"wp:attachment":[{"href":"https:\/\/www.cnshining.com\/pt\/wp-json\/wp\/v2\/media?parent=45078"}],"wp:term":[{"taxonomy":"category","embeddable":true,"href":"https:\/\/www.cnshining.com\/pt\/wp-json\/wp\/v2\/categories?post=45078"},{"taxonomy":"post_tag","embeddable":true,"href":"https:\/\/www.cnshining.com\/pt\/wp-json\/wp\/v2\/tags?post=45078"}],"curies":[{"name":"wp","href":"https:\/\/api.w.org\/{rel}","templated":true}]}}